{"id":1618,"date":"2024-09-26T11:23:59","date_gmt":"2024-09-26T08:23:59","guid":{"rendered":"https:\/\/4ader.ro\/?p=1618"},"modified":"2024-09-26T11:23:59","modified_gmt":"2024-09-26T08:23:59","slug":"voluntar-in-targu-jiu-editia-2","status":"publish","type":"post","link":"https:\/\/4ader.ro\/index.php\/2024\/09\/26\/voluntar-in-targu-jiu-editia-2\/","title":{"rendered":"Voluntar \u00een T\u00e2rgu-Jiu, Edi\u021bia 2"},"content":{"rendered":"\n<p>ADER-Asociatia pentru Democratie Educatie Respect a implementat \u00een perioada Septembrie \u2013 Decembrie 2022 proiectul \u201cVOLUNTAR \u00ceN T\u00c2RGU-JIU\u201d.<br>Scopul proiectului a fost promovarea voluntariatului \u00een municipiul T\u00e2rgu-Jiu \u00een r\u00e2ndul tinerilor cu v\u00e2rste cuprinse \u00eentre 14\u201335 ani prin metode non-formale.<br>La finalul proiectului a fost organizat un Training pentru Coordonatori de voluntari, \u00een care tinerii s-au pregatit pentru anul 2023, an in care Municipiul Targu Jiu va fi Capitala Tineretului din Romania<br>Principalele obiective urm\u0103rite prin implementarea proiectului au fost: cre\u0219terea gradului de con\u0219tientizare a tinerilor cu privire la valoarea voluntariatului pentru comunitatea local\u0103; cre\u015fterea calit\u0103\u0163ii experien\u0163ei de voluntariat \u015fi asigurarea caracterului inclusiv al voluntariatului, pe fondul schimb\u0103rilor demografice \u015fi al orient\u0103rilor valorice ale popula\u0163iei; cre\u015fterea gradului de promovare a voluntariatului \u00een r\u00e2ndul comunit\u0103\u021bii locale.<br>Voluntariatul este empatie \u00een ac\u021biune, este baza unui viitor incluziv, astfel c\u0103 \u00eencurajarea tinerilor de a participa la ac\u021biuni de voluntariat este important\u0103 pentru o dezvoltare sustenabil\u0103.<\/p>\n\n\n\n<p><strong><a href=\"https:\/\/www.facebook.com\/plugins\/post.php?href=https%3A%2F%2Fwww.facebook.com%2FADERTarguJiu%2Fposts%2Fpfbid02coQVGyWSXBcyCm5XFQdwnx3LXeAiQuHbzKvTVp5ac38s8ZuafaFiPKrpNxFZp5a5l\" target=\"_blank\" rel=\"noreferrer noopener\">link facebook<\/a><\/strong><\/p>\n\n\n\n<p><\/p>\n","protected":false},"excerpt":{"rendered":"<p>ADER-Asociatia pentru Democratie Educatie Respect a implementat \u00een perioada Septembrie \u2013 Decembrie 2022 proiectul \u201cVOLUNTAR \u00ceN T\u00c2RGU-JIU\u201d.Scopul proiectului a fost promovarea voluntariatului \u00een municipiul T\u00e2rgu-Jiu \u00een r\u00e2ndul tinerilor cu v\u00e2rste cuprinse \u00eentre 14\u201335 ani prin metode non-formale.La finalul proiectului a fost organizat un Training pentru Coordonatori de voluntari, \u00een care tinerii s-au pregatit pentru anul&#8230;<\/p>\n","protected":false},"author":2,"featured_media":0,"comment_status":"open","ping_status":"open","sticky":false,"template":"","format":"standard","meta":{"_kad_post_transparent":"","_kad_post_title":"","_kad_post_layout":"","_kad_post_sidebar_id":"","_kad_post_content_style":"","_kad_post_vertical_padding":"","_kad_post_feature":"","_kad_post_feature_position":"","_kad_post_header":false,"_kad_post_footer":false,"_kad_post_classname":"","footnotes":""},"categories":[1],"tags":[],"class_list":["post-1618","post","type-post","status-publish","format-standard","hentry","category-uncategorized"],"rttpg_featured_image_url":null,"rttpg_author":{"display_name":"Calina Denis","author_link":"https:\/\/4ader.ro\/index.php\/author\/denis_1\/"},"rttpg_comment":160,"rttpg_category":"<a href=\"https:\/\/4ader.ro\/index.php\/category\/uncategorized\/\" rel=\"category tag\">Uncategorized<\/a>","rttpg_excerpt":"ADER-Asociatia pentru Democratie Educatie Respect a implementat \u00een perioada Septembrie \u2013 Decembrie 2022 proiectul \u201cVOLUNTAR \u00ceN T\u00c2RGU-JIU\u201d.Scopul proiectului a fost promovarea voluntariatului \u00een municipiul T\u00e2rgu-Jiu \u00een r\u00e2ndul tinerilor cu v\u00e2rste cuprinse \u00eentre 14\u201335 ani prin metode non-formale.La finalul proiectului a fost organizat un Training pentru Coordonatori de voluntari, \u00een care tinerii s-au pregatit pentru anul...","_links":{"self":[{"href":"https:\/\/4ader.ro\/index.php\/wp-json\/wp\/v2\/posts\/1618","targetHints":{"allow":["GET"]}}],"collection":[{"href":"https:\/\/4ader.ro\/index.php\/wp-json\/wp\/v2\/posts"}],"about":[{"href":"https:\/\/4ader.ro\/index.php\/wp-json\/wp\/v2\/types\/post"}],"author":[{"embeddable":true,"href":"https:\/\/4ader.ro\/index.php\/wp-json\/wp\/v2\/users\/2"}],"replies":[{"embeddable":true,"href":"https:\/\/4ader.ro\/index.php\/wp-json\/wp\/v2\/comments?post=1618"}],"version-history":[{"count":1,"href":"https:\/\/4ader.ro\/index.php\/wp-json\/wp\/v2\/posts\/1618\/revisions"}],"predecessor-version":[{"id":1620,"href":"https:\/\/4ader.ro\/index.php\/wp-json\/wp\/v2\/posts\/1618\/revisions\/1620"}],"wp:attachment":[{"href":"https:\/\/4ader.ro\/index.php\/wp-json\/wp\/v2\/media?parent=1618"}],"wp:term":[{"taxonomy":"category","embeddable":true,"href":"https:\/\/4ader.ro\/index.php\/wp-json\/wp\/v2\/categories?post=1618"},{"taxonomy":"post_tag","embeddable":true,"href":"https:\/\/4ader.ro\/index.php\/wp-json\/wp\/v2\/tags?post=1618"}],"curies":[{"name":"wp","href":"https:\/\/api.w.org\/{rel}","templated":true}]}}