{"id":15,"date":"2024-05-14T05:51:54","date_gmt":"2024-05-14T05:51:54","guid":{"rendered":"http:\/\/site4aderx1c2v3"},"modified":"2024-09-26T11:21:24","modified_gmt":"2024-09-26T08:21:24","slug":"hello-world-2","status":"publish","type":"post","link":"https:\/\/4ader.ro\/index.php\/2024\/05\/14\/hello-world-2\/","title":{"rendered":"D\u0103ruie\u0219te pentru viitor"},"content":{"rendered":"\n<p>ADER-Asociatia pentru Democratie Educatie Respect a fost ast\u0103zi, cu Mo\u0219 Craciun, la \u0219colile din Carbunesti Sat \u0219i Stefanesti, cu daruri pentru copiii cumin\u021bi.<br>Multumim Primaria Targu Carbunesti pentru colaborarea \u0219i bucuria \u00eemp\u0103rt\u0103\u0219it\u0103 cu cei mici!<\/p>\n\n\n\n<p><strong><a href=\"https:\/\/www.facebook.com\/plugins\/post.php?href=https%3A%2F%2Fwww.facebook.com%2FADERTarguJiu%2Fposts%2Fpfbid02coQVGyWSXBcyCm5XFQdwnx3LXeAiQuHbzKvTVp5ac38s8ZuafaFiPKrpNxFZp5a5l\" target=\"_blank\" rel=\"noreferrer noopener\">link facebook<\/a><\/strong><\/p>\n\n\n\n<p><\/p>\n","protected":false},"excerpt":{"rendered":"<p>ADER-Asociatia pentru Democratie Educatie Respect a fost ast\u0103zi, cu Mo\u0219 Craciun, la \u0219colile din Carbunesti Sat \u0219i Stefanesti, cu daruri pentru copiii cumin\u021bi.Multumim Primaria Targu Carbunesti pentru colaborarea \u0219i bucuria \u00eemp\u0103rt\u0103\u0219it\u0103 cu cei mici! link facebook<\/p>\n","protected":false},"author":2,"featured_media":0,"comment_status":"open","ping_status":"open","sticky":false,"template":"","format":"standard","meta":{"_kad_post_transparent":"","_kad_post_title":"","_kad_post_layout":"","_kad_post_sidebar_id":"","_kad_post_content_style":"","_kad_post_vertical_padding":"","_kad_post_feature":"","_kad_post_feature_position":"","_kad_post_header":false,"_kad_post_footer":false,"_kad_post_classname":"","footnotes":""},"categories":[1],"tags":[],"class_list":["post-15","post","type-post","status-publish","format-standard","hentry","category-uncategorized"],"rttpg_featured_image_url":null,"rttpg_author":{"display_name":"Calina Denis","author_link":"https:\/\/4ader.ro\/index.php\/author\/denis_1\/"},"rttpg_comment":35,"rttpg_category":"<a href=\"https:\/\/4ader.ro\/index.php\/category\/uncategorized\/\" rel=\"category tag\">Uncategorized<\/a>","rttpg_excerpt":"ADER-Asociatia pentru Democratie Educatie Respect a fost ast\u0103zi, cu Mo\u0219 Craciun, la \u0219colile din Carbunesti Sat \u0219i Stefanesti, cu daruri pentru copiii cumin\u021bi.Multumim Primaria Targu Carbunesti pentru colaborarea \u0219i bucuria \u00eemp\u0103rt\u0103\u0219it\u0103 cu cei mici! link facebook","_links":{"self":[{"href":"https:\/\/4ader.ro\/index.php\/wp-json\/wp\/v2\/posts\/15","targetHints":{"allow":["GET"]}}],"collection":[{"href":"https:\/\/4ader.ro\/index.php\/wp-json\/wp\/v2\/posts"}],"about":[{"href":"https:\/\/4ader.ro\/index.php\/wp-json\/wp\/v2\/types\/post"}],"author":[{"embeddable":true,"href":"https:\/\/4ader.ro\/index.php\/wp-json\/wp\/v2\/users\/2"}],"replies":[{"embeddable":true,"href":"https:\/\/4ader.ro\/index.php\/wp-json\/wp\/v2\/comments?post=15"}],"version-history":[{"count":1,"href":"https:\/\/4ader.ro\/index.php\/wp-json\/wp\/v2\/posts\/15\/revisions"}],"predecessor-version":[{"id":1617,"href":"https:\/\/4ader.ro\/index.php\/wp-json\/wp\/v2\/posts\/15\/revisions\/1617"}],"wp:attachment":[{"href":"https:\/\/4ader.ro\/index.php\/wp-json\/wp\/v2\/media?parent=15"}],"wp:term":[{"taxonomy":"category","embeddable":true,"href":"https:\/\/4ader.ro\/index.php\/wp-json\/wp\/v2\/categories?post=15"},{"taxonomy":"post_tag","embeddable":true,"href":"https:\/\/4ader.ro\/index.php\/wp-json\/wp\/v2\/tags?post=15"}],"curies":[{"name":"wp","href":"https:\/\/api.w.org\/{rel}","templated":true}]}}